{"id":2618,"date":"2023-07-31T11:53:33","date_gmt":"2023-07-31T11:53:33","guid":{"rendered":"https:\/\/samlink.fi\/?post_type=career-stories&#038;p=2618"},"modified":"2023-08-03T12:00:37","modified_gmt":"2023-08-03T12:00:37","slug":"jaro-vaisanen-paints-a-human-centered-worldview","status":"publish","type":"career-stories","link":"https:\/\/samlink.fi\/fi\/career-story\/jaro-vaisanen-paints-a-human-centered-worldview\/","title":{"rendered":"Jaro V\u00e4is\u00e4nen maalaa ihmisl\u00e4heist\u00e4 maailmankuvaa\u00a0"},"content":{"rendered":"<section class=\"align wp-block-paragraph\">\n  <div class=\"wrap large white \">\n    <div class=\"wrap small\">\n              <p><span class=\"ingress\">Sovellusarkkitehdin pit\u00e4\u00e4 ymm\u00e4rt\u00e4\u00e4 sek\u00e4 ihmisten ett\u00e4 j\u00e4rjestelmien tarpeet.\u00a0<\/span><\/p>\n<p><span data-contrast=\"none\">Jaro V\u00e4is\u00e4nen hypp\u00e4si Samlinkin kelkkaan suoraan koulun penkilt\u00e4 kuutisen vuotta sitten. Perinteinen \u201ckandina kes\u00e4t\u00f6ihin\u201d-kuvio jatkui ensimm\u00e4isen kes\u00e4n j\u00e4lkeen opiskelujen ohella ja jatkuu edelleen valmistumisen j\u00e4lkeen.<\/span><span data-ccp-props=\"{}\">\u00a0<\/span><span data-ccp-props=\"{}\">\u00a0<\/span><\/p>\n<p><span data-contrast=\"none\">Competence Centerin sovellusarkkitehdiksi sovelluskehitt\u00e4j\u00e4n pestist\u00e4 noussut V\u00e4is\u00e4nen ty\u00f6skentelee t\u00e4t\u00e4 nyky\u00e4 pitk\u00e4lti asiakasrajapinnassa. Ty\u00f6 sis\u00e4lt\u00e4\u00e4 my\u00f6s paljon suunnittelua ja suuria linjoja.<\/span><span data-ccp-props=\"{}\">\u00a0<\/span><\/p>\n<p><span data-contrast=\"none\">N\u00e4m\u00e4 suuret linjat ja suunnitelmat edellytt\u00e4v\u00e4t toisinaan luovia ratkaisuja ja V\u00e4is\u00e4nen kokeekin ne omaksi vahvuusalueekseen. My\u00f6s Scrum Masterin roolissa toimiessa tarvitaan ratkaisukyvyn lis\u00e4ksi taitoa tulla ihmisten kanssa toimeen, mik\u00e4 on V\u00e4is\u00e4selle luontaista. H\u00e4nt\u00e4 kiinnostaa tiimin hyvinvointi ja auttaminen \u2013 pikemminkin coachin kuin perinteisen projektip\u00e4\u00e4llik\u00f6n roolissa.<\/span><span data-ccp-props=\"{}\">\u00a0<\/span><span data-ccp-props=\"{}\">\u00a0<\/span><\/p>\n<p><span data-contrast=\"none\">\u2013 Oma ty\u00f6ni ei ole yksin\u00e4ist\u00e4 n\u00e4pp\u00e4imist\u00f6n naputtelua. Olen p\u00e4ivitt\u00e4in paljonkin tekemisiss\u00e4 ihmisten kanssa, niin tiimin j\u00e4senten kuin asiakkaidenkin. P\u00e4iv\u00e4t alkavat dailyilla tiiviin, kymmenen hengen tiimimme kanssa. Salkku-tiimiss\u00e4 on nyky\u00e4\u00e4n niin suomalaisia kuin unkarilaisiakin j\u00e4seni\u00e4 ja meill\u00e4 alkaa olla kesken\u00e4mme aika hyv\u00e4 meininki.<\/span><span data-ccp-props=\"{}\">\u00a0<\/span><\/p>\n<h2 aria-level=\"3\"><b><span data-contrast=\"none\">Tekniikan alan ty\u00f6 voi olla my\u00f6s ihmisl\u00e4heist\u00e4<\/span><\/b><span data-ccp-props=\"{&quot;134245418&quot;:true,&quot;134245529&quot;:true,&quot;335559738&quot;:200}\">\u00a0<\/span><\/h2>\n<p><span data-contrast=\"none\">\u2013 Ty\u00f6ss\u00e4ni pit\u00e4\u00e4 ymm\u00e4rt\u00e4\u00e4 sek\u00e4 ihmisten ett\u00e4 j\u00e4rjestelmien tarpeet. Vaatii ihmistuntemusta, ett\u00e4 osaa kuunnella asiakasta ja l\u00f6yt\u00e4\u00e4 juuri t\u00e4m\u00e4n tarpeisiin sopivat ratkaisut. Arkkitehdin ty\u00f6ss\u00e4 pit\u00e4\u00e4 my\u00f6s tiet\u00e4\u00e4, mit\u00e4 ymp\u00e4rill\u00e4, ja maailmassa ylip\u00e4\u00e4ns\u00e4<\/span><span data-contrast=\"none\">,<\/span> <span data-contrast=\"none\">tapahtuu. Teknologiat muuttuvat ja niist\u00e4 on pysytt\u00e4v\u00e4 koko ajan kartalla.<\/span><span data-ccp-props=\"{}\">\u00a0<\/span><span data-ccp-props=\"{}\">\u00a0<\/span><\/p>\n<p><span data-contrast=\"none\">Tekniikan alan osaajat eiv\u00e4t en\u00e4\u00e4 t\u00e4n\u00e4 p\u00e4iv\u00e4n\u00e4 ole pelk\u00e4st\u00e4\u00e4n stereotypian mukaisia ep\u00e4sosiaalisia n\u00f6rttej\u00e4, vaan alalla on paljon enemm\u00e4n erilaisia persoonallisuuksia. Se n\u00e4kyy my\u00f6s V\u00e4is\u00e4sen ty\u00f6ss\u00e4.<\/span><span data-ccp-props=\"{}\">\u00a0<\/span><\/p>\n<p><span data-contrast=\"none\">\u2013 Haluan tuoda ty\u00f6ss\u00e4ni esille sit\u00e4, ett\u00e4 tekniikan alan ty\u00f6 voi olla ihmisl\u00e4heist\u00e4.<\/span><span data-ccp-props=\"{}\">\u00a0<\/span><\/p>\n<p><span data-contrast=\"none\">Ihmisen persoonallisuus voi ty\u00f6n ja kasvavan osaamisen my\u00f6t\u00e4 muuttua. Itselleni onkin k\u00e4ynyt n\u00e4in. Tiimist\u00e4 ja muista l\u00e4hell\u00e4ni olevista ihmisist\u00e4 saan hyv\u00e4\u00e4 energiaa, joka on tehnyt minusta sosiaalisemman. Mahdollisuus tehd\u00e4 Scrum Masterin t\u00f6it\u00e4 on osaltaan rohkaissut minua toimimaan tiimiss\u00e4 valmentavalla otteella.\u00a0<\/span><span data-ccp-props=\"{}\">\u00a0<\/span><\/p>\n<h2 aria-level=\"3\"><b><span data-contrast=\"none\">Tulevaisuuden ty\u00f6el\u00e4m\u00e4 edellytt\u00e4\u00e4 rohkeutta puhua<\/span><\/b><span data-ccp-props=\"{&quot;134245418&quot;:true,&quot;134245529&quot;:true,&quot;335559738&quot;:200}\">\u00a0<\/span><\/h2>\n<p><span data-contrast=\"none\">Avoimuus on toinen asia, jonka puolesta V\u00e4is\u00e4nen liputtaa vahvasti.<\/span><span data-ccp-props=\"{&quot;469777462&quot;:[720,1440,2160,2880,3600,4320,5040,5760,6480,7200,7920],&quot;469777927&quot;:[0,0,0,0,0,0,0,0,0,0,0],&quot;469777928&quot;:[1,1,1,1,1,1,1,1,1,1,1]}\">\u00a0<\/span><\/p>\n<p><span data-contrast=\"none\">\u2013 Ty\u00f6paikalla pit\u00e4isi voida puhua kaikista asioista ja tuoda my\u00f6s ongelmakohtia esiin, ilman, ett\u00e4 tarvitsee pel\u00e4t\u00e4 joutuvansa vaikeuksiin. Hankalia asioita voi itse opetella tuomaan esiin, tietenkin huomioiden toiset ihmiset ja heid\u00e4n tunteensa. Toivoisin olevani muiden silmiss\u00e4 sellainen ihminen, jolle voi puhua suoraan.<\/span><span data-ccp-props=\"{&quot;469777462&quot;:[720,1440,2160,2880,3600,4320,5040,5760,6480,7200,7920],&quot;469777927&quot;:[0,0,0,0,0,0,0,0,0,0,0],&quot;469777928&quot;:[1,1,1,1,1,1,1,1,1,1,1]}\">\u00a0<\/span><\/p>\n<p><span data-contrast=\"none\">Ty\u00f6st\u00e4 on aina mukavaa saada tunnustusta. Salkku-tiimi palkittiinkin hiljattain Samlinkin sis\u00e4isen\u00e4 Stellar Success Storyna. Tiimi k\u00e4ytti luovasti unkarilaisten j\u00e4seniens\u00e4 osaamista kokonaan suomenkielisess\u00e4 asiakkuudessa. Tiimin tehokkuus parantui huomattavasti, mutta huomionarvoista on my\u00f6s tapa, jolla tiimin uudet j\u00e4senet otettiin heti ty\u00f6h\u00f6n t\u00e4ysipainoisesti mukaan.<\/span><span data-ccp-props=\"{&quot;469777462&quot;:[720,1440,2160,2880,3600,4320,5040,5760,6480,7200,7920],&quot;469777927&quot;:[0,0,0,0,0,0,0,0,0,0,0],&quot;469777928&quot;:[1,1,1,1,1,1,1,1,1,1,1]}\">\u00a0<\/span><\/p>\n<p><span data-contrast=\"none\">\u2013 Parasta ty\u00f6ss\u00e4ni ovat ehdottomasti ty\u00f6kaverit. Olen alusta asti ihmetellyt, miten t\u00e4\u00e4ll\u00e4 voi olla n\u00e4in mahtavaa porukkaa t\u00f6iss\u00e4!<\/span><span data-ccp-props=\"{&quot;469777462&quot;:[720,1440,2160,2880,3600,4320,5040,5760,6480,7200,7920],&quot;469777927&quot;:[0,0,0,0,0,0,0,0,0,0,0],&quot;469777928&quot;:[1,1,1,1,1,1,1,1,1,1,1]}\">\u00a0<\/span><\/p>\n<p><span data-contrast=\"none\">Tulevaisuus alalla n\u00e4ytt\u00e4\u00e4 hyv\u00e4lt\u00e4. Tekij\u00f6it\u00e4 ja osaamista tarvitaan aina.<\/span><span data-ccp-props=\"{&quot;469777462&quot;:[720,1440,2160,2880,3600,4320,5040,5760,6480,7200,7920],&quot;469777927&quot;:[0,0,0,0,0,0,0,0,0,0,0],&quot;469777928&quot;:[1,1,1,1,1,1,1,1,1,1,1]}\">\u00a0<\/span><\/p>\n<p><span data-contrast=\"none\">Ihmisl\u00e4heist\u00e4 maailmankuvaa maalaava V\u00e4is\u00e4nen toivoisi tulevaisuudessa ty\u00f6ntekij\u00f6iden valinnassa korostettavan viel\u00e4 enemm\u00e4n henkil\u00f6kohtaisia ominaisuuksia. Teknologioita voi hallita suvereenisti, olematta siltik\u00e4\u00e4n kovin motivoitunut ty\u00f6ntekij\u00e4.<\/span><span data-ccp-props=\"{&quot;469777462&quot;:[720,1440,2160,2880,3600,4320,5040,5760,6480,7200,7920],&quot;469777927&quot;:[0,0,0,0,0,0,0,0,0,0,0],&quot;469777928&quot;:[1,1,1,1,1,1,1,1,1,1,1]}\">\u00a0<\/span><\/p>\n<p><span data-contrast=\"none\">V\u00e4is\u00e4sen tiimill\u00e4 on motto, jota tuodaan esille erilaisissa yhteyksiss\u00e4. Se kuvastaa hyvin henke\u00e4, joka ty\u00f6paikalla vallitsee ja josta he saavat yhteist\u00e4 energiaa:<\/span><span data-ccp-props=\"{&quot;469777462&quot;:[720,1440,2160,2880,3600,4320,5040,5760,6480,7200,7920],&quot;469777927&quot;:[0,0,0,0,0,0,0,0,0,0,0],&quot;469777928&quot;:[1,1,1,1,1,1,1,1,1,1,1]}\">\u00a0<\/span><\/p>\n<p><span data-contrast=\"none\">\u2013 T\u00e4ysi\u00e4! Full throttle!<\/span><span data-ccp-props=\"{&quot;469777462&quot;:[720,1440,2160,2880,3600,4320,5040,5760,6480,7200,7920],&quot;469777927&quot;:[0,0,0,0,0,0,0,0,0,0,0],&quot;469777928&quot;:[1,1,1,1,1,1,1,1,1,1,1]}\">\u00a0<\/span><span data-ccp-props=\"{}\">\u00a0<\/span><\/p>\n<p><b><span data-contrast=\"none\">Kuka:<\/span><\/b><span data-contrast=\"none\">\u202fJaro V\u00e4is\u00e4nen<\/span><span data-ccp-props=\"{&quot;469777462&quot;:[720,1440,2160,2880,3600,4320,5040,5760,6480,7200,7920],&quot;469777927&quot;:[0,0,0,0,0,0,0,0,0,0,0],&quot;469777928&quot;:[1,1,1,1,1,1,1,1,1,1,1]}\"><br \/>\n<\/span><b><span data-contrast=\"none\">Koulutus:<\/span><\/b><span data-contrast=\"none\">\u202fFilosofian maisteri, tietotekniikka<\/span><span data-ccp-props=\"{&quot;469777462&quot;:[720,1440,2160,2880,3600,4320,5040,5760,6480,7200,7920],&quot;469777927&quot;:[0,0,0,0,0,0,0,0,0,0,0],&quot;469777928&quot;:[1,1,1,1,1,1,1,1,1,1,1]}\"><br \/>\n<\/span><b><span data-contrast=\"none\">Asiantuntijuus:<\/span><\/b><span data-contrast=\"none\">\u202fsovellusarkkitehtuuri, ihmisl\u00e4heisen ty\u00f6el\u00e4m\u00e4n edist\u00e4minen<\/span><span data-ccp-props=\"{&quot;469777462&quot;:[720,1440,2160,2880,3600,4320,5040,5760,6480,7200,7920],&quot;469777927&quot;:[0,0,0,0,0,0,0,0,0,0,0],&quot;469777928&quot;:[1,1,1,1,1,1,1,1,1,1,1]}\">\u00a0<\/span><\/p>\n\n          <\/div>\n  <\/div>\n<\/section>\n","protected":false},"excerpt":{"rendered":"","protected":false},"author":2,"featured_media":2620,"comment_status":"closed","ping_status":"closed","template":"","categories":[22],"class_list":["post-2618","career-stories","type-career-stories","status-publish","has-post-thumbnail","hentry","category-uratarina"],"acf":[],"yoast_head":"<!-- This site is optimized with the Yoast SEO plugin v27.4 - https:\/\/yoast.com\/product\/yoast-seo-wordpress\/ -->\n<title>Jaro V\u00e4is\u00e4nen maalaa ihmisl\u00e4heist\u00e4 maailmankuvaa\u00a0 - Samlink<\/title>\n<meta name=\"description\" content=\"Sovellusarkkitehti Jaro V\u00e4is\u00e4nen haluaa edist\u00e4\u00e4 ihmisl\u00e4heist\u00e4 ty\u00f6el\u00e4m\u00e4\u00e4 omalla esimerkill\u00e4\u00e4n ja kannustamalla ihmisi\u00e4 puhumaan.\" \/>\n<meta name=\"robots\" content=\"index, follow, max-snippet:-1, max-image-preview:large, max-video-preview:-1\" \/>\n<link rel=\"canonical\" href=\"https:\/\/samlink.fi\/fi\/career-story\/jaro-vaisanen-paints-a-human-centered-worldview\/\" \/>\n<meta property=\"og:locale\" content=\"fi_FI\" \/>\n<meta property=\"og:type\" content=\"article\" \/>\n<meta property=\"og:title\" content=\"Jaro V\u00e4is\u00e4nen maalaa ihmisl\u00e4heist\u00e4 maailmankuvaa\u00a0 - Samlink\" \/>\n<meta property=\"og:description\" content=\"Sovellusarkkitehti Jaro V\u00e4is\u00e4nen haluaa edist\u00e4\u00e4 ihmisl\u00e4heist\u00e4 ty\u00f6el\u00e4m\u00e4\u00e4 omalla esimerkill\u00e4\u00e4n ja kannustamalla ihmisi\u00e4 puhumaan.\" \/>\n<meta property=\"og:url\" content=\"https:\/\/samlink.fi\/fi\/career-story\/jaro-vaisanen-paints-a-human-centered-worldview\/\" \/>\n<meta property=\"og:site_name\" content=\"Samlink\" \/>\n<meta property=\"article:modified_time\" content=\"2023-08-03T12:00:37+00:00\" \/>\n<meta property=\"og:image\" content=\"https:\/\/samlink.fi\/app\/uploads\/2023\/07\/Samlink_Pro_Jaro_Vaisanen_FI_UK_1500x565px-scaled.jpg\" \/>\n\t<meta property=\"og:image:width\" content=\"2560\" \/>\n\t<meta property=\"og:image:height\" content=\"965\" \/>\n\t<meta property=\"og:image:type\" content=\"image\/jpeg\" \/>\n<meta name=\"twitter:card\" content=\"summary_large_image\" \/>\n<script type=\"application\/ld+json\" class=\"yoast-schema-graph\">{\"@context\":\"https:\\\/\\\/schema.org\",\"@graph\":[{\"@type\":\"WebPage\",\"@id\":\"https:\\\/\\\/samlink.fi\\\/fi\\\/career-story\\\/jaro-vaisanen-paints-a-human-centered-worldview\\\/\",\"url\":\"https:\\\/\\\/samlink.fi\\\/fi\\\/career-story\\\/jaro-vaisanen-paints-a-human-centered-worldview\\\/\",\"name\":\"Jaro V\u00e4is\u00e4nen maalaa ihmisl\u00e4heist\u00e4 maailmankuvaa\u00a0 - Samlink\",\"isPartOf\":{\"@id\":\"https:\\\/\\\/samlink.fi\\\/fi\\\/#website\"},\"primaryImageOfPage\":{\"@id\":\"https:\\\/\\\/samlink.fi\\\/fi\\\/career-story\\\/jaro-vaisanen-paints-a-human-centered-worldview\\\/#primaryimage\"},\"image\":{\"@id\":\"https:\\\/\\\/samlink.fi\\\/fi\\\/career-story\\\/jaro-vaisanen-paints-a-human-centered-worldview\\\/#primaryimage\"},\"thumbnailUrl\":\"https:\\\/\\\/samlink.fi\\\/app\\\/uploads\\\/2023\\\/07\\\/Samlink_Pro_Jaro_Vaisanen_FI_UK_1500x565px-scaled.jpg\",\"datePublished\":\"2023-07-31T11:53:33+00:00\",\"dateModified\":\"2023-08-03T12:00:37+00:00\",\"description\":\"Sovellusarkkitehti Jaro V\u00e4is\u00e4nen haluaa edist\u00e4\u00e4 ihmisl\u00e4heist\u00e4 ty\u00f6el\u00e4m\u00e4\u00e4 omalla esimerkill\u00e4\u00e4n ja kannustamalla ihmisi\u00e4 puhumaan.\",\"breadcrumb\":{\"@id\":\"https:\\\/\\\/samlink.fi\\\/fi\\\/career-story\\\/jaro-vaisanen-paints-a-human-centered-worldview\\\/#breadcrumb\"},\"inLanguage\":\"fi\",\"potentialAction\":[{\"@type\":\"ReadAction\",\"target\":[\"https:\\\/\\\/samlink.fi\\\/fi\\\/career-story\\\/jaro-vaisanen-paints-a-human-centered-worldview\\\/\"]}]},{\"@type\":\"ImageObject\",\"inLanguage\":\"fi\",\"@id\":\"https:\\\/\\\/samlink.fi\\\/fi\\\/career-story\\\/jaro-vaisanen-paints-a-human-centered-worldview\\\/#primaryimage\",\"url\":\"https:\\\/\\\/samlink.fi\\\/app\\\/uploads\\\/2023\\\/07\\\/Samlink_Pro_Jaro_Vaisanen_FI_UK_1500x565px-scaled.jpg\",\"contentUrl\":\"https:\\\/\\\/samlink.fi\\\/app\\\/uploads\\\/2023\\\/07\\\/Samlink_Pro_Jaro_Vaisanen_FI_UK_1500x565px-scaled.jpg\",\"width\":2560,\"height\":965},{\"@type\":\"BreadcrumbList\",\"@id\":\"https:\\\/\\\/samlink.fi\\\/fi\\\/career-story\\\/jaro-vaisanen-paints-a-human-centered-worldview\\\/#breadcrumb\",\"itemListElement\":[{\"@type\":\"ListItem\",\"position\":1,\"name\":\"Home\",\"item\":\"https:\\\/\\\/samlink.fi\\\/fi\\\/\"},{\"@type\":\"ListItem\",\"position\":2,\"name\":\"Jaro V\u00e4is\u00e4nen maalaa ihmisl\u00e4heist\u00e4 maailmankuvaa\u00a0\"}]},{\"@type\":\"WebSite\",\"@id\":\"https:\\\/\\\/samlink.fi\\\/fi\\\/#website\",\"url\":\"https:\\\/\\\/samlink.fi\\\/fi\\\/\",\"name\":\"Samlink\",\"description\":\"Empowering financial success through innovative IT solutions\",\"potentialAction\":[{\"@type\":\"SearchAction\",\"target\":{\"@type\":\"EntryPoint\",\"urlTemplate\":\"https:\\\/\\\/samlink.fi\\\/fi\\\/?s={search_term_string}\"},\"query-input\":{\"@type\":\"PropertyValueSpecification\",\"valueRequired\":true,\"valueName\":\"search_term_string\"}}],\"inLanguage\":\"fi\"}]}<\/script>\n<!-- \/ Yoast SEO plugin. -->","yoast_head_json":{"title":"Jaro V\u00e4is\u00e4nen maalaa ihmisl\u00e4heist\u00e4 maailmankuvaa\u00a0 - Samlink","description":"Sovellusarkkitehti Jaro V\u00e4is\u00e4nen haluaa edist\u00e4\u00e4 ihmisl\u00e4heist\u00e4 ty\u00f6el\u00e4m\u00e4\u00e4 omalla esimerkill\u00e4\u00e4n ja kannustamalla ihmisi\u00e4 puhumaan.","robots":{"index":"index","follow":"follow","max-snippet":"max-snippet:-1","max-image-preview":"max-image-preview:large","max-video-preview":"max-video-preview:-1"},"canonical":"https:\/\/samlink.fi\/fi\/career-story\/jaro-vaisanen-paints-a-human-centered-worldview\/","og_locale":"fi_FI","og_type":"article","og_title":"Jaro V\u00e4is\u00e4nen maalaa ihmisl\u00e4heist\u00e4 maailmankuvaa\u00a0 - Samlink","og_description":"Sovellusarkkitehti Jaro V\u00e4is\u00e4nen haluaa edist\u00e4\u00e4 ihmisl\u00e4heist\u00e4 ty\u00f6el\u00e4m\u00e4\u00e4 omalla esimerkill\u00e4\u00e4n ja kannustamalla ihmisi\u00e4 puhumaan.","og_url":"https:\/\/samlink.fi\/fi\/career-story\/jaro-vaisanen-paints-a-human-centered-worldview\/","og_site_name":"Samlink","article_modified_time":"2023-08-03T12:00:37+00:00","og_image":[{"width":2560,"height":965,"url":"https:\/\/samlink.fi\/app\/uploads\/2023\/07\/Samlink_Pro_Jaro_Vaisanen_FI_UK_1500x565px-scaled.jpg","type":"image\/jpeg"}],"twitter_card":"summary_large_image","schema":{"@context":"https:\/\/schema.org","@graph":[{"@type":"WebPage","@id":"https:\/\/samlink.fi\/fi\/career-story\/jaro-vaisanen-paints-a-human-centered-worldview\/","url":"https:\/\/samlink.fi\/fi\/career-story\/jaro-vaisanen-paints-a-human-centered-worldview\/","name":"Jaro V\u00e4is\u00e4nen maalaa ihmisl\u00e4heist\u00e4 maailmankuvaa\u00a0 - Samlink","isPartOf":{"@id":"https:\/\/samlink.fi\/fi\/#website"},"primaryImageOfPage":{"@id":"https:\/\/samlink.fi\/fi\/career-story\/jaro-vaisanen-paints-a-human-centered-worldview\/#primaryimage"},"image":{"@id":"https:\/\/samlink.fi\/fi\/career-story\/jaro-vaisanen-paints-a-human-centered-worldview\/#primaryimage"},"thumbnailUrl":"https:\/\/samlink.fi\/app\/uploads\/2023\/07\/Samlink_Pro_Jaro_Vaisanen_FI_UK_1500x565px-scaled.jpg","datePublished":"2023-07-31T11:53:33+00:00","dateModified":"2023-08-03T12:00:37+00:00","description":"Sovellusarkkitehti Jaro V\u00e4is\u00e4nen haluaa edist\u00e4\u00e4 ihmisl\u00e4heist\u00e4 ty\u00f6el\u00e4m\u00e4\u00e4 omalla esimerkill\u00e4\u00e4n ja kannustamalla ihmisi\u00e4 puhumaan.","breadcrumb":{"@id":"https:\/\/samlink.fi\/fi\/career-story\/jaro-vaisanen-paints-a-human-centered-worldview\/#breadcrumb"},"inLanguage":"fi","potentialAction":[{"@type":"ReadAction","target":["https:\/\/samlink.fi\/fi\/career-story\/jaro-vaisanen-paints-a-human-centered-worldview\/"]}]},{"@type":"ImageObject","inLanguage":"fi","@id":"https:\/\/samlink.fi\/fi\/career-story\/jaro-vaisanen-paints-a-human-centered-worldview\/#primaryimage","url":"https:\/\/samlink.fi\/app\/uploads\/2023\/07\/Samlink_Pro_Jaro_Vaisanen_FI_UK_1500x565px-scaled.jpg","contentUrl":"https:\/\/samlink.fi\/app\/uploads\/2023\/07\/Samlink_Pro_Jaro_Vaisanen_FI_UK_1500x565px-scaled.jpg","width":2560,"height":965},{"@type":"BreadcrumbList","@id":"https:\/\/samlink.fi\/fi\/career-story\/jaro-vaisanen-paints-a-human-centered-worldview\/#breadcrumb","itemListElement":[{"@type":"ListItem","position":1,"name":"Home","item":"https:\/\/samlink.fi\/fi\/"},{"@type":"ListItem","position":2,"name":"Jaro V\u00e4is\u00e4nen maalaa ihmisl\u00e4heist\u00e4 maailmankuvaa\u00a0"}]},{"@type":"WebSite","@id":"https:\/\/samlink.fi\/fi\/#website","url":"https:\/\/samlink.fi\/fi\/","name":"Samlink","description":"Empowering financial success through innovative IT solutions","potentialAction":[{"@type":"SearchAction","target":{"@type":"EntryPoint","urlTemplate":"https:\/\/samlink.fi\/fi\/?s={search_term_string}"},"query-input":{"@type":"PropertyValueSpecification","valueRequired":true,"valueName":"search_term_string"}}],"inLanguage":"fi"}]}},"_links":{"self":[{"href":"https:\/\/samlink.fi\/fi\/wp-json\/wp\/v2\/career-stories\/2618","targetHints":{"allow":["GET"]}}],"collection":[{"href":"https:\/\/samlink.fi\/fi\/wp-json\/wp\/v2\/career-stories"}],"about":[{"href":"https:\/\/samlink.fi\/fi\/wp-json\/wp\/v2\/types\/career-stories"}],"author":[{"embeddable":true,"href":"https:\/\/samlink.fi\/fi\/wp-json\/wp\/v2\/users\/2"}],"replies":[{"embeddable":true,"href":"https:\/\/samlink.fi\/fi\/wp-json\/wp\/v2\/comments?post=2618"}],"wp:featuredmedia":[{"embeddable":true,"href":"https:\/\/samlink.fi\/fi\/wp-json\/wp\/v2\/media\/2620"}],"wp:attachment":[{"href":"https:\/\/samlink.fi\/fi\/wp-json\/wp\/v2\/media?parent=2618"}],"wp:term":[{"taxonomy":"category","embeddable":true,"href":"https:\/\/samlink.fi\/fi\/wp-json\/wp\/v2\/categories?post=2618"}],"curies":[{"name":"wp","href":"https:\/\/api.w.org\/{rel}","templated":true}]}}